{"id":44098,"global_id":"oaggao.ca\/fr\/?id=44098","global_id_lineage":["oaggao.ca\/fr\/?id=44098"],"author":"13","status":"publish","date":"2025-02-25 17:59:52","date_utc":"2025-02-25 22:59:52","modified":"2025-03-05 16:12:26","modified_utc":"2025-03-05 21:12:26","url":"https:\/\/oaggao.ca\/fr\/evenements\/camp-artistique-du-conge-de-mars\/2025-03-11\/","rest_url":"https:\/\/oaggao.ca\/fr\/wp-json\/tribe\/events\/v1\/events\/44098","title":"Complet &#8211; Camp artistique du cong\u00e9 de mars","description":"<div class=\"elementor-element elementor-element-dd2b531 elementor-widget elementor-widget-text-editor\" data-id=\"dd2b531\" data-element_type=\"widget\" data-widget_type=\"text-editor.default\">\n<div class=\"elementor-widget-container\">\n<p><span data-contrast=\"auto\">Nous vous attendons en mars pour un camp artistique bilingue d\u2019une semaine \u00e0 la Galerie d\u2019art d\u2019Ottawa et laissez libre cours \u00e0 votre imagination ! Ce camp de jour, pour les enfants de 8 \u00e0 12 ans, fera d\u00e9couvrir la Galerie et ses expositions de mani\u00e8re amusante et avec entrain.\u00a0\u00a0<\/span><span data-ccp-props=\"{}\">\u00a0<\/span><\/p>\n<p><span data-contrast=\"auto\">Les enfants en apprendront sur les artistes de la r\u00e9gion gr\u00e2ce \u00e0 des visites interactives et lib\u00e9reront leur cr\u00e9ativit\u00e9 lors d\u2019ateliers hors de l\u2019ordinaire anim\u00e9s par nos guides-interpr\u00e8tes enthousiastes.<\/span><span data-ccp-props=\"{}\">\u00a0<\/span><\/p>\n<p><span data-contrast=\"auto\">Nos artistes en herbes auront \u00e9galement l\u2019occasion de travailler avec un artiste de la r\u00e9gion lors d\u2019un atelier sp\u00e9cial. Nous annoncerons bient\u00f4t de qui il s\u2019agit !<\/span><span data-ccp-props=\"{}\">\u00a0<\/span><\/p>\n<p><i><span data-contrast=\"auto\">L\u2019artiste invit\u00e9e pour le camp du cong\u00e9 de mars :\u00a0<\/span><\/i><i><span data-contrast=\"none\">Rebecca Clou\u00e2tre<\/span><\/i><span data-ccp-props=\"{}\">\u00a0<\/span><\/p>\n<p><span data-contrast=\"auto\">La semaine se terminera en beaut\u00e9 par un vernissage pr\u00e9sentant les cr\u00e9ations des enfants aux familles et aux proches !<\/span><span data-ccp-props=\"{}\">\u00a0<\/span><\/p>\n<p><span data-contrast=\"auto\">Un service de garde est offert de 8 h 30 \u00e0 9 h et de 16 h \u00e0 17 h.<\/span><span data-ccp-props=\"{}\">\u00a0<\/span><\/p>\n<p><span data-contrast=\"auto\"><strong>date :<\/strong>\u00a0du lundi 10 mars au vendredi 14 mars 2025.<\/span><span data-ccp-props=\"{}\"><br \/>\n<\/span><span data-contrast=\"auto\"><strong>heures :<\/strong>\u00a0de 9 h \u00e0 16 h<\/span><span data-ccp-props=\"{}\"><br \/>\n<\/span><span data-contrast=\"auto\"><strong>frais :<\/strong>\u00a0325 $ par enfant<\/span><span data-ccp-props=\"{}\">\u00a0<\/span><\/p>\n<p><span data-contrast=\"auto\"><strong>Date limite pour les inscriptions :<\/strong>\u00a0le dimanche 2 mars 2025<\/span><span data-ccp-props=\"{}\">\u00a0<\/span><\/p>\n<\/div>\n<\/div>\n<div class=\"elementor-element elementor-element-d743712 elementor-widget elementor-widget-button\" data-id=\"d743712\" data-element_type=\"widget\" data-widget_type=\"button.default\">\n<div class=\"elementor-widget-container\">\n<div class=\"elementor-button-wrapper\"><a class=\"elementor-button elementor-button-link elementor-size-sm\" href=\"https:\/\/www.eventbrite.ca\/e\/march-break-art-camp-camp-artistique-du-conge-de-mars-registration-1077495410779?aff=oddtdtcreator\" target=\"_blank\" rel=\"noopener\"><span class=\"elementor-button-content-wrapper\"><span class=\"elementor-button-text\">Inscriptions<\/span><\/span><\/a><\/div>\n<\/div>\n<\/div>","excerpt":"","slug":"camp-artistique-du-conge-de-mars-2025-03-11","image":{"url":"https:\/\/oaggao.ca\/wp-content\/uploads\/2023\/01\/LIN1216.jpg","id":29097,"extension":"jpg","width":1080,"height":720,"filesize":383346,"sizes":{"medium":{"width":300,"height":200,"mime-type":"image\/jpeg","filesize":42855,"url":"https:\/\/oaggao.ca\/wp-content\/uploads\/2023\/01\/LIN1216-300x200.jpg"},"large":{"width":1024,"height":683,"mime-type":"image\/jpeg","filesize":111702,"url":"https:\/\/oaggao.ca\/wp-content\/uploads\/2023\/01\/LIN1216-1024x683.jpg"},"thumbnail":{"width":150,"height":150,"mime-type":"image\/jpeg","filesize":34655,"url":"https:\/\/oaggao.ca\/wp-content\/uploads\/2023\/01\/LIN1216-150x150.jpg"},"medium_large":{"width":768,"height":512,"mime-type":"image\/jpeg","filesize":83812,"url":"https:\/\/oaggao.ca\/wp-content\/uploads\/2023\/01\/LIN1216-768x512.jpg"},"Featured News":{"width":600,"height":400,"mime-type":"image\/jpeg","filesize":67487,"url":"https:\/\/oaggao.ca\/wp-content\/uploads\/2023\/01\/LIN1216-600x400.jpg"}}},"all_day":false,"start_date":"2025-03-11 09:00:00","start_date_details":{"year":"2025","month":"03","day":"11","hour":"09","minutes":"00","seconds":"00"},"end_date":"2025-03-11 16:00:00","end_date_details":{"year":"2025","month":"03","day":"11","hour":"16","minutes":"00","seconds":"00"},"utc_start_date":"2025-03-11 13:00:00","utc_start_date_details":{"year":"2025","month":"03","day":"11","hour":"13","minutes":"00","seconds":"00"},"utc_end_date":"2025-03-11 20:00:00","utc_end_date_details":{"year":"2025","month":"03","day":"11","hour":"20","minutes":"00","seconds":"00"},"timezone":"America\/Toronto","timezone_abbr":"","cost":"325$","cost_details":{"currency_symbol":"$","currency_code":"USD","currency_position":"suffix","values":["325"]},"website":"","show_map":true,"show_map_link":true,"hide_from_listings":false,"sticky":false,"featured":false,"categories":[],"tags":[],"venue":{"id":21809,"author":"13","status":"publish","date":"2022-02-04 19:53:36","date_utc":"2022-02-05 00:53:36","modified":"2022-02-04 19:53:36","modified_utc":"2022-02-05 00:53:36","url":"https:\/\/oaggao.ca\/fr\/lieu\/studio-de-la-gao\/","venue":"Studio de la GAO","slug":"studio-de-la-gao","address":"10, avenue Daly","city":"Ottawa","country":"Canada","province":"Ontario","zip":"K1N 6E2","phone":"613-233-8699","website":"https:\/\/oaggao.ca\/","stateprovince":"Ontario","json_ld":{"@type":"Place","name":"Studio de la GAO","description":"","url":"https:\/\/oaggao.ca\/fr\/lieu\/studio-de-la-gao\/","address":{"@type":"PostalAddress","streetAddress":"10, avenue Daly","addressLocality":"Ottawa","addressRegion":"Ontario","postalCode":"K1N 6E2","addressCountry":"Canada"},"telephone":"613-233-8699","sameAs":"https:\/\/oaggao.ca\/"},"show_map":true,"show_map_link":true,"global_id":"oaggao.ca\/fr\/?id=21809","global_id_lineage":["oaggao.ca\/fr\/?id=21809"]},"organizer":[],"custom_fields":[],"json_ld":{"@context":"http:\/\/schema.org","@type":"Event","name":"Complet &#8211; Camp artistique du cong\u00e9 de mars","description":"&lt;p&gt;Nous vous attendons en mars pour un camp artistique bilingue d\u2019une semaine \u00e0 la Galerie d\u2019art d\u2019Ottawa et laissez libre cours \u00e0 votre imagination ! Ce camp de jour, pour [&hellip;]&lt;\/p&gt;\\n","image":"https:\/\/oaggao.ca\/wp-content\/uploads\/2023\/01\/LIN1216.jpg","url":"https:\/\/oaggao.ca\/fr\/evenements\/camp-artistique-du-conge-de-mars\/2025-03-11\/","eventAttendanceMode":"https:\/\/schema.org\/OfflineEventAttendanceMode","eventStatus":"https:\/\/schema.org\/EventScheduled","startDate":"2025-03-11T09:00:00-04:00","endDate":"2025-03-11T16:00:00-04:00","location":{"@type":"Place","name":"Studio de la GAO","description":"","url":"https:\/\/oaggao.ca\/fr\/lieu\/studio-de-la-gao\/","address":{"@type":"PostalAddress","streetAddress":"10, avenue Daly","addressLocality":"Ottawa","addressRegion":"Ontario","postalCode":"K1N 6E2","addressCountry":"Canada"},"telephone":"613-233-8699","sameAs":"https:\/\/oaggao.ca\/"},"offers":{"@type":"Offer","price":"325","priceCurrency":"USD","url":"https:\/\/oaggao.ca\/fr\/evenements\/camp-artistique-du-conge-de-mars\/2025-03-11\/","category":"primary","availability":"inStock","validFrom":"1970-01-01T00:00:00+00:00"},"performer":"Organization"},"is_virtual":false,"virtual_url":null,"virtual_video_source":""}