{"id":27704,"date":"2022-09-29T12:52:26","date_gmt":"2022-09-29T16:52:26","guid":{"rendered":"https:\/\/oaggao.ca\/?post_type=oag_news_article&#038;p=27704"},"modified":"2022-10-11T15:45:33","modified_gmt":"2022-10-11T19:45:33","slug":"la-galerie-dart-dottawa-et-la-td-annoncent-le-financement-despace-creatif","status":"publish","type":"oag_news_article","link":"https:\/\/oaggao.ca\/fr\/a-laffiche\/nouvelles\/la-galerie-dart-dottawa-et-la-td-annoncent-le-financement-despace-creatif\/","title":{"rendered":"La Galerie d&rsquo;art d&rsquo;Ottawa et la TD annoncent le financement d&rsquo;Espace cr\u00e9atif"},"content":{"rendered":"\n<figure class=\"wp-block-image size-large is-resized\"><img fetchpriority=\"high\" decoding=\"async\" src=\"https:\/\/oaggao.ca\/wp-content\/uploads\/2022\/09\/DSC00521-1024x683.jpg\" alt=\"\" class=\"wp-image-27703\" width=\"652\" height=\"434\" srcset=\"https:\/\/oaggao.ca\/wp-content\/uploads\/2022\/09\/DSC00521-1024x683.jpg 1024w, https:\/\/oaggao.ca\/wp-content\/uploads\/2022\/09\/DSC00521-300x200.jpg 300w, https:\/\/oaggao.ca\/wp-content\/uploads\/2022\/09\/DSC00521-768x512.jpg 768w, https:\/\/oaggao.ca\/wp-content\/uploads\/2022\/09\/DSC00521-1536x1024.jpg 1536w, https:\/\/oaggao.ca\/wp-content\/uploads\/2022\/09\/DSC00521-scaled.jpg 2048w, https:\/\/oaggao.ca\/wp-content\/uploads\/2022\/09\/DSC00521-600x400.jpg 600w\" sizes=\"(max-width: 652px) 100vw, 652px\" \/><figcaption>\u00e0 partir de la gauche : Alexandra Badzak (direction et chef de la direction, Galerie d&rsquo;art d&rsquo;Ottawa), Lee Rose (Manager, Community Engagement, Groupe Banque TD), Nathalie Weiner (vice-pr\u00e9sidente de district, Groupe Banque TD), Lydia Blanchard (d\u00e9veloppement, direction en chef, Galerie d&rsquo;art d&rsquo;Ottawa). Photo : Amity Bradbury<\/figcaption><\/figure>\n\n\n\n<p><\/p>\n\n\n\n<p><strong>La GAO, avec le g\u00e9n\u00e9reux soutien de la TD, \u00e9largit son programme d&rsquo;art et de bien-\u00eatre pour r\u00e9pondre \u00e0 davantage de besoins dans la communaut\u00e9.<\/strong>&nbsp;<\/p>\n\n\n\n<p><strong>OTTAWA, ON, 29 septembre 2022 &#8211; <\/strong>La Galerie d&rsquo;art d&rsquo;Ottawa (GAO) est reconnaissante et honor\u00e9e d&rsquo;annoncer que le Groupe Banque TD a fait un don de 120 000 $ \u00e0 l&rsquo;initiative de mieux-\u00eatre <em>Espace cr\u00e9atif<\/em>, qui propose des ateliers d&rsquo;art hebdomadaires con\u00e7us pour les jeunes et les adultes ayant des exp\u00e9riences de maladie mentale. Au cours des trois prochaines ann\u00e9es, avec le soutien de la TD, la Galerie am\u00e9liorera <em>Espace cr\u00e9atif<\/em> pour combler les lacunes dans les collectivit\u00e9s desservies, rejoindre de nouveaux partenaires et offrir des activit\u00e9s sur place et hors site ainsi qu&rsquo;une programmation num\u00e9rique.<br><br><strong>\u00ab La TD est fi\u00e8re de continuer \u00e0 soutenir la Galerie d&rsquo;art d&rsquo;Ottawa et l&rsquo;amplification d&rsquo;<em>Espace cr\u00e9atif <\/em>afin de faire profiter un plus grand nombre de jeunes et d&rsquo;adultes dans notre collectivit\u00e9. Ce programme novateur est un merveilleux exemple du r\u00f4le que l&rsquo;art et la cr\u00e9ativit\u00e9 peuvent jouer pour favoriser un sens sain de soi. Nous avons h\u00e2te de voir l&rsquo;impact qu&rsquo;aura ce programme. \u00bb<\/strong><strong>&nbsp;<\/strong><\/p>\n\n\n\n<p><strong>\u2013 Nathalie Weiner, <\/strong><em><strong>vice-pr\u00e9sidente de district, <\/strong><\/em><strong>Groupe Banque TD<\/strong><strong>&nbsp;<\/strong><\/p>\n\n\n\n<p>Avec une histoire marqu\u00e9e de programmes ancr\u00e9s localement et ax\u00e9s sur le bien-\u00eatre, la GAO est \u00e0 l&rsquo;avant-garde du mouvement en faveur de l&rsquo;art engag\u00e9 dans la communaut\u00e9. L&rsquo;art est essentiel au maintien de la sant\u00e9 et du bien-\u00eatre, et avec <em>Espace cr\u00e9atif<\/em>, la Galerie brouille les fronti\u00e8res entre l&rsquo;art-th\u00e9rapie, l&rsquo;\u00e9ducation artistique et l&rsquo;activisme artistique.&nbsp;<\/p>\n\n\n\n<p><strong>\u00ab Nous tenons \u00e0 remercier la TD pour son soutien pluriannuel de notre initiative <em>Espace cr\u00e9atif<\/em>, qui nous permettra d&rsquo;\u00e9largir ce programme et de r\u00e9pondre aux besoins essentiels de notre communaut\u00e9 sur place, hors site et en ligne. \u00bb<br><\/strong><br><strong>&#8211; Alexandra Badzak, direction et chef de la direction<\/strong>&nbsp;<\/p>\n\n\n\n<p>Cr\u00e9\u00e9 en partenariat avec le Centre de sant\u00e9 mentale Royal Ottawa, et avec d&rsquo;autres organismes sociaux, le programme est une puissante initiative de d\u00e9veloppement communautaire qui facilite la gu\u00e9rison des personnes en marge de l&rsquo;in\u00e9galit\u00e9 \u00e9conomique, syst\u00e9mique et structurelle. <em>Espace cr\u00e9atif<\/em> favorise le bien-\u00eatre, la sant\u00e9 mentale et l&rsquo;inclusion sociale par le biais d&rsquo;ateliers de cr\u00e9ation artistique gratuits \u00e0 la GAO et en ligne. Les personnes participantes se d\u00e9veloppent en tant qu&rsquo;artistes en acqu\u00e9rant de nouvelles comp\u00e9tences, en discutant de leur travail ensemble et en participant \u00e0 des expositions et des projets communautaires. Pour plusieurs, la cr\u00e9ation d&rsquo;\u0153uvres d&rsquo;art en collaboration, dans un espace s\u00fbr, enrichissant et propice \u00e0 l&rsquo;expression et \u00e0 la connexion par l&rsquo;art, contribue \u00e0 un sens sain de soi.&nbsp;<\/p>\n\n\n\n<p>La demande et les besoins d&rsquo;<em><a href=\"https:\/\/oaggao.ca\/fr\/apprendre\/bien-etre-et-communaute\/espace-creatif\/\">Espace cr\u00e9atif<\/a> <\/em>ne cessent de cro\u00eetre. La fr\u00e9quentation ayant bondi de 100 personnes inscrites en 2017, \u00e0 environ 800 en 2019. Plus de 300 personnes ont rejoint les sessions virtuelles au cours de la pand\u00e9mie. Il y a un besoin encore plus grand de soutien en sant\u00e9 mentale dans notre communaut\u00e9 alors que nous continuons \u00e0 \u00e9merger et \u00e0 nous remettre des impacts d\u00e9vastateurs de la COVID-19 sur la sant\u00e9 et le bien-\u00eatre \u00e0 travers le pays. L&rsquo;expansion du programme offrira \u00e9galement des possibilit\u00e9s concr\u00e8tes d&rsquo;autonomisation pour les communaut\u00e9s autochtones, immigr\u00e9es, 2SLGBTQQIA+ et jeunes par le biais d&rsquo;ateliers, de projets artistiques et d&rsquo;expositions.&nbsp;<\/p>\n\n\n\n<figure class=\"wp-block-image size-large is-resized\"><a href=\"https:\/\/www.td.com\/ca\/fr\/services-bancaires-personnels\/\"><img decoding=\"async\" src=\"https:\/\/oaggao.ca\/wp-content\/uploads\/2021\/11\/TD_SHIELD_PRINT_LOGO_COL_RGB_12139-1024x916.jpg\" alt=\"\" class=\"wp-image-21066\" width=\"99\" height=\"88\" srcset=\"https:\/\/oaggao.ca\/wp-content\/uploads\/2021\/11\/TD_SHIELD_PRINT_LOGO_COL_RGB_12139-1024x916.jpg 1024w, https:\/\/oaggao.ca\/wp-content\/uploads\/2021\/11\/TD_SHIELD_PRINT_LOGO_COL_RGB_12139-300x268.jpg 300w, https:\/\/oaggao.ca\/wp-content\/uploads\/2021\/11\/TD_SHIELD_PRINT_LOGO_COL_RGB_12139-768x687.jpg 768w, https:\/\/oaggao.ca\/wp-content\/uploads\/2021\/11\/TD_SHIELD_PRINT_LOGO_COL_RGB_12139-1536x1374.jpg 1536w, https:\/\/oaggao.ca\/wp-content\/uploads\/2021\/11\/TD_SHIELD_PRINT_LOGO_COL_RGB_12139-scaled.jpg 2048w\" sizes=\"(max-width: 99px) 100vw, 99px\" \/><\/a><\/figure>\n\n\n\n<p>\u2013 30 \u2013&nbsp;&nbsp;<\/p>\n\n\n\n<p><strong>Pour toute question d\u2019ordre m\u00e9diatique, communiquez avec&nbsp;:<\/strong><br>V\u00e9ronique Couillard<br>Responsable, relations m\u00e9diatiques, publiques et francophones<br><a href=\"mailto:vcouillard@oaggao.ca\">vcouillard@oaggao.ca<\/a>, 613-291-1358&nbsp;<\/p>\n\n\n\n<p><strong>La Galerie d\u2019art d\u2019Ottawa (GAO)<\/strong><br>Situ\u00e9e au centre-ville d\u2019Ottawa, sur les territoires traditionnels de la Nation&nbsp;Anishin\u0101be, la GAO, est \u00e0 la fois la galerie d\u2019art municipale d\u2019Ottawa et un centre culturel. Son nouvel \u00e9difice, con\u00e7u par les firmes KPMB Architects et R\u00e9gis C\u00f4t\u00e9 et associ\u00e9s, prend la forme d\u2019un cube lumineux contemporain.&nbsp;<\/p>\n\n\n\n<p><a href=\"https:\/\/oaggao.ca\/fr\/\">oaggao.ca&nbsp;<\/a><\/p>\n\n\n\n<p>La GAO re\u00e7oit des fonds du Conseil des arts du Canada, du Conseil des arts de l\u2019Ontario et de la Ville d\u2019Ottawa.&nbsp;<\/p>\n","protected":false},"excerpt":{"rendered":"<p>La GAO, avec le g\u00e9n\u00e9reux soutien de la TD, \u00e9largit son programme d&rsquo;art et de bien-\u00eatre pour r\u00e9pondre \u00e0 davantage de besoins dans la communaut\u00e9.&nbsp; OTTAWA, ON, 29 septembre 2022 [&hellip;]<\/p>\n","protected":false},"featured_media":27702,"menu_order":0,"template":"","oag_news_category":[],"class_list":["post-27704","oag_news_article","type-oag_news_article","status-publish","has-post-thumbnail","hentry"],"acf":[],"aioseo_notices":[],"_links":{"self":[{"href":"https:\/\/oaggao.ca\/fr\/wp-json\/wp\/v2\/oag_news_article\/27704","targetHints":{"allow":["GET"]}}],"collection":[{"href":"https:\/\/oaggao.ca\/fr\/wp-json\/wp\/v2\/oag_news_article"}],"about":[{"href":"https:\/\/oaggao.ca\/fr\/wp-json\/wp\/v2\/types\/oag_news_article"}],"wp:featuredmedia":[{"embeddable":true,"href":"https:\/\/oaggao.ca\/fr\/wp-json\/wp\/v2\/media\/27702"}],"wp:attachment":[{"href":"https:\/\/oaggao.ca\/fr\/wp-json\/wp\/v2\/media?parent=27704"}],"wp:term":[{"taxonomy":"oag_news_category","embeddable":true,"href":"https:\/\/oaggao.ca\/fr\/wp-json\/wp\/v2\/oag_news_category?post=27704"}],"curies":[{"name":"wp","href":"https:\/\/api.w.org\/{rel}","templated":true}]}}