{"id":44998,"date":"2025-04-09T16:14:17","date_gmt":"2025-04-09T20:14:17","guid":{"rendered":"https:\/\/oaggao.ca\/?post_type=oag_news_article&#038;p=44998"},"modified":"2025-04-09T16:14:22","modified_gmt":"2025-04-09T20:14:22","slug":"le-printemps-a-la-gao-un-mot-dalexandra-badzak","status":"publish","type":"oag_news_article","link":"https:\/\/oaggao.ca\/fr\/a-laffiche\/nouvelles\/le-printemps-a-la-gao-un-mot-dalexandra-badzak\/","title":{"rendered":"Le printemps \u00e0 la GAO !\u00a0| Un mot d\u2019Alexandra Badzak"},"content":{"rendered":"\n<figure class=\"wp-block-image size-full is-resized\"><img fetchpriority=\"high\" decoding=\"async\" width=\"1024\" height=\"683\" src=\"https:\/\/oaggao.ca\/wp-content\/uploads\/2024\/03\/7L0A5125_OAG.jpg\" alt=\"\" class=\"wp-image-38394\" style=\"width:620px;height:auto\" srcset=\"https:\/\/oaggao.ca\/wp-content\/uploads\/2024\/03\/7L0A5125_OAG.jpg 1024w, https:\/\/oaggao.ca\/wp-content\/uploads\/2024\/03\/7L0A5125_OAG-300x200.jpg 300w, https:\/\/oaggao.ca\/wp-content\/uploads\/2024\/03\/7L0A5125_OAG-768x512.jpg 768w, https:\/\/oaggao.ca\/wp-content\/uploads\/2024\/03\/7L0A5125_OAG-600x400.jpg 600w\" sizes=\"(max-width: 1024px) 100vw, 1024px\" \/><figcaption class=\"wp-element-caption\">Photo : Melody Habbouche Photography<\/figcaption><\/figure>\n\n\n\n<p>Alors que la chaleur du renouveau se fait sentir, nous nous retrouvons \u00e0 un tournant d\u00e9cisif. Au-del\u00e0 de la temp\u00e9rature qui monte, nous faisons face \u00e0 des d\u00e9fis \u00e9conomiques et existentiels profonds, en particulier en provenance du sud. Les institutions am\u00e9ricaines telles que l&rsquo;Institute of Museum and Library Services et la National Endowment for the Arts, confront\u00e9es \u00e0 d&rsquo;importantes suppressions de postes et r\u00e9ductions budg\u00e9taires, vivent un moment propice \u00e0 la r\u00e9flexion. L\u2019art et la culture cr\u00e9ent un espace enrichissant o\u00f9 nous pouvons explorer des perspectives vari\u00e9es, d\u00e9velopper l\u2019empathie \u00e9motionnelle et susciter l\u2019action collective et aussi l\u2019espoir.&nbsp;<\/p>\n\n\n\n<p>Au Canada, nous avons la chance de faire partie d\u2019\u00e9changes culturels fond\u00e9s sur la r\u00e9ciprocit\u00e9 et le respect \u2014 des valeurs incarn\u00e9es par les peuples autochtones de cette terre depuis des temps imm\u00e9moriaux. Ce respect mutuel nous enrichit et nous inspire au-del\u00e0 des nombreux autres aspects transactionnels de la vie.\u00a0<br>\u00a0<br>La Galerie est ravie de pr\u00e9senter une s\u00e9rie d\u2019expositions ce printemps qui mettent en lumi\u00e8re cette profonde connexion \u00e0 la culture, \u00e0 la cr\u00e9ativit\u00e9 et \u00e0 la communaut\u00e9. Notre \u00e9quipe est fi\u00e8re de pr\u00e9senter le travail de <strong><a href=\"https:\/\/oaggao.ca\/fr\/a-laffiche\/exposition\/normee-ekoomiak\/\" target=\"_blank\" rel=\"noopener\" title=\"\u14c4\u140a\u14a5 \u1403\u1550\u1548\u14a5\u140a\u1585 | Normee Ekoomiak\">Normee Ekoomiak<\/a><\/strong>, dont l\u2019art refl\u00e8te avec force l\u2019importance culturelle des traditions textiles au sein des communaut\u00e9s inuit. Cette exposition est enrichie par <a href=\"https:\/\/oaggao.ca\/fr\/a-laffiche\/exposition\/resurgence-lestampe-au-nunavik-2014-2019\/\" target=\"_blank\" rel=\"noopener\" title=\"\u14f4\u1550\u1580\u148b\u140a\u14ea\u14da\u14c2\u1585: \u1438\u144e\u1483\u144e\u1490\u14d5\u1405\u1550\u14c2\u1585 \u14c4\u14c7\u1555\u14bb\u14a5 (2014-2019) | R\u00e9surgence\u2009: L\u2019estampe au Nunavik (2014-2019)\"><strong><em>\u14f4\u1550\u1580\u148b\u140a\u14ea\u14da\u14c2\u1585: \u1438\u144e\u1483\u144e\u1490\u14d5\u1405\u1550\u14c2\u1585 \u14c4\u14c7\u1555\u14bb\u14a5 (2014-2019)<\/em> | <em>R\u00e9surgence\u2009: L\u2019estampe au Nunavik (2014-2019<\/em><\/strong><em><strong>)<\/strong><\/em><\/a>, une pr\u00e9sentation captivante de l&rsquo;<strong>Institut culturel Avataq<\/strong>, d\u00e9di\u00e9e \u00e0 la pr\u00e9servation et \u00e0 la c\u00e9l\u00e9bration de la culture \u00e0 travers l&rsquo;art de la gravure.\u00a0<\/p>\n\n\n\n<p>De plus, <strong><em><a href=\"https:\/\/oaggao.ca\/fr\/a-laffiche\/exposition\/la-grotte\/\" title=\"LA GROTTE\">La Grotte. La collection Bill Staubi<\/a><\/em><\/strong><em> <\/em>rend hommage au soutien ind\u00e9fectible de Bill Staubi envers les artistes queer et \u00e0 son engagement de longue date envers la sc\u00e8ne artistique contemporaine d&rsquo;Ottawa.\u00a0<\/p>\n\n\n\n<p>\u00c0 l&rsquo;approche du Mois de la sensibilisation \u00e0 la sant\u00e9 mentale et de la Semaine nationale de l&rsquo;accessibilit\u00e9 en mai, la GAO demeure d\u00e9termin\u00e9e \u00e0 mettre en valeur le r\u00f4le essentiel que jouent les arts dans le bien-\u00eatre et est ravie de poursuivre ses partenariats avec <strong>Connexions vitales <\/strong>et le <strong>Centre de sant\u00e9 mentale Royal Ottawa<\/strong>. Soyez des n\u00f4tres<strong> <\/strong>pour notre vernissage annuel d&rsquo;Espace cr\u00e9atif, une c\u00e9l\u00e9bration du r\u00f4le que joue la cr\u00e9ativit\u00e9 dans la gu\u00e9rison. La Galerie est aussi heureuse de pouvoir annoncer qu\u2019elle est la premi\u00e8re galerie d&rsquo;art publique \u00e0 recevoir la<strong> certification Or de la Fondation Rick Hansen<\/strong>, une \u00e9tape importante pour rendre les arts encore plus inclusifs.&nbsp;<\/p>\n\n\n\n<p>Et finalement, n&rsquo;oubliez pas notre <a href=\"https:\/\/oaggao.ca\/fr\/a-laffiche\/lencan-dart\/\" target=\"_blank\" rel=\"noopener\" title=\"L\u2019encan d\u2019art\"><strong>encan d\u2019art annuel<\/strong><\/a> le 29 mai ! Cette superbe soir\u00e9e, l\u2019\u00e9v\u00e8nement en art de la saison, met en vedette des \u0153uvres d&rsquo;artistes de la r\u00e9gion et est l&rsquo;occasion de miser sur des pi\u00e8ces uniques. En plus, cette ann\u00e9e, la soir\u00e9e est prolong\u00e9e par l\u2019apr\u00e8s-f\u00eate (et un plancher de danse !).\u00a0<\/p>\n\n\n\n<p>Merci pour vos collaborations de toutes sortes et merci de contribuer \u00e0 favoriser l&rsquo;impact positif des arts.\u00a0<br><\/p>\n\n\n\n<figure class=\"wp-block-image is-resized\"><img decoding=\"async\" width=\"561\" height=\"121\" src=\"https:\/\/oaggao.ca\/wp-content\/uploads\/2021\/11\/signature.jpeg\" alt=\"\" class=\"wp-image-11645\" style=\"width:230px;height:auto\" srcset=\"https:\/\/oaggao.ca\/wp-content\/uploads\/2021\/11\/signature.jpeg 561w, https:\/\/oaggao.ca\/wp-content\/uploads\/2021\/11\/signature-300x65.jpeg 300w\" sizes=\"(max-width: 561px) 100vw, 561px\" \/><\/figure>\n\n\n\n<p><strong>Alexandra Badzak<\/strong><br>directrice et chef de la direction de la GAO<\/p>\n\n\n\n<p><\/p>\n","protected":false},"excerpt":{"rendered":"<p>Alors que la chaleur du renouveau se fait sentir, nous nous retrouvons \u00e0 un tournant d\u00e9cisif. Au-del\u00e0 de la temp\u00e9rature qui monte, nous faisons face \u00e0 des d\u00e9fis \u00e9conomiques et [&hellip;]<\/p>\n","protected":false},"featured_media":38394,"menu_order":0,"template":"","oag_news_category":[],"class_list":["post-44998","oag_news_article","type-oag_news_article","status-publish","has-post-thumbnail","hentry"],"acf":[],"aioseo_notices":[],"_links":{"self":[{"href":"https:\/\/oaggao.ca\/fr\/wp-json\/wp\/v2\/oag_news_article\/44998","targetHints":{"allow":["GET"]}}],"collection":[{"href":"https:\/\/oaggao.ca\/fr\/wp-json\/wp\/v2\/oag_news_article"}],"about":[{"href":"https:\/\/oaggao.ca\/fr\/wp-json\/wp\/v2\/types\/oag_news_article"}],"wp:featuredmedia":[{"embeddable":true,"href":"https:\/\/oaggao.ca\/fr\/wp-json\/wp\/v2\/media\/38394"}],"wp:attachment":[{"href":"https:\/\/oaggao.ca\/fr\/wp-json\/wp\/v2\/media?parent=44998"}],"wp:term":[{"taxonomy":"oag_news_category","embeddable":true,"href":"https:\/\/oaggao.ca\/fr\/wp-json\/wp\/v2\/oag_news_category?post=44998"}],"curies":[{"name":"wp","href":"https:\/\/api.w.org\/{rel}","templated":true}]}}