{"id":46026,"date":"2025-07-04T13:20:33","date_gmt":"2025-07-04T17:20:33","guid":{"rendered":"https:\/\/oaggao.ca\/?post_type=oag_news_article&#038;p=46026"},"modified":"2025-07-04T13:23:42","modified_gmt":"2025-07-04T17:23:42","slug":"la-collection-firestone-dart-canadien-brille-sur-la-scene-nationale-grace-au-centre-national-des-arts","status":"publish","type":"oag_news_article","link":"https:\/\/oaggao.ca\/fr\/a-laffiche\/nouvelles\/la-collection-firestone-dart-canadien-brille-sur-la-scene-nationale-grace-au-centre-national-des-arts\/","title":{"rendered":"La Collection Firestone d\u2019art canadien brille sur la sc\u00e8ne nationale gr\u00e2ce au Centre National des Arts"},"content":{"rendered":"\n<p><em>Aujourd\u2019hui est le Jour du Groupe des Sept !<\/em> En effet, le 7 juillet nous soulignons l\u2019h\u00e9ritage de ce groupe d\u2019artistes dont les \u0153uvres audacieuses et vibrantes, repr\u00e9sentant la nature canadienne, ont largement contribu\u00e9 \u00e0 d\u00e9finir ce que l\u2019on consid\u00e8re aujourd\u2019hui comme un style artistique proprement canadien.<\/p>\n\n\n\n<p>Actif dans les ann\u00e9es 1920, le Groupe a beaucoup voyag\u00e9 \u00e0 travers le Canada, esquissant de fa\u00e7on intuitive en plein air pour saisir leurs impressions sur le vif. Munis de trousses de peinture portatives \u2013 m\u00eame en hiver \u2013 ces artistes ont su capter la lumi\u00e8re, la texture et l\u2019atmosph\u00e8re des paysages avec des couleurs vives et des coups de pinceau audacieux.<\/p>\n\n\n\n<p>Les \u0153uvres des membres du Groupe continuent d\u2019inspirer des g\u00e9n\u00e9rations d\u2019artistes, et leur h\u00e9ritage se perp\u00e9tue \u00e0 travers la Collection Firestone d\u2019art canadien (CFAC), conserv\u00e9e \u00e0 la Galerie d\u2019art d\u2019Ottawa (GAO). La GAO s\u2019est engag\u00e9e \u00e0 rendre cette collection majeure accessible au public partout au pays gr\u00e2ce \u00e0 des expositions itin\u00e9rantes, des pr\u00eats et des partenariats \u2014 comme cette nouvelle collaboration avec le Centre national des Arts (CNA) pour sa saison 2025\u20132026 de <em>Musique populaire et vari\u00e9t\u00e9s<\/em>. Cette campagne de promotion fait d\u00e9couvrir des \u0153uvres embl\u00e9matiques de la CFAC \u00e0 de nouveaux publics et dans de nouveaux contextes, partageant ainsi cette remarquable collection avec un auditoire \u00e9largi.<\/p>\n\n\n\n<p>Avec plus de 100 spectacles par an, la s\u00e9rie <a href=\"https:\/\/nac-cna.ca\/fr\/popularmusic\" target=\"_blank\" rel=\"noopener\" title=\"\"><em>Musique populaire et vari\u00e9t\u00e9s<\/em><\/a> du CNA r\u00e9unit des artistes du Canada et d\u2019ailleurs, dans des genres allant du jazz au hip-hop, en passant par la pop, le blues et bien d\u2019autres. Pr\u00e9sentant de nouvelles images tout au long de l\u2019ann\u00e9e, la campagne d\u2019affiches de la s\u00e9rie rend hommage aux saisons et paysages canadiens gr\u00e2ce aux \u0153uvres historiques d\u2019Anne Savage (<em>Banff<\/em>, 1949), d\u2019Arthur Lismer (<em>Georgian Bay Pines <\/em>[Pins, baie Georgienne], 1962) et de Franz Johnston (<em>Algoma Landscape<\/em> [Paysage de l\u2019Algoma], 1923).<\/p>\n\n\n\n<figure class=\"wp-block-image size-full\"><img fetchpriority=\"high\" decoding=\"async\" width=\"600\" height=\"927\" src=\"https:\/\/oaggao.ca\/wp-content\/uploads\/2025\/07\/NAC-season-2025-summer-poster-final2.png\" alt=\"\" class=\"wp-image-46019\" srcset=\"https:\/\/oaggao.ca\/wp-content\/uploads\/2025\/07\/NAC-season-2025-summer-poster-final2.png 600w, https:\/\/oaggao.ca\/wp-content\/uploads\/2025\/07\/NAC-season-2025-summer-poster-final2-194x300.png 194w\" sizes=\"(max-width: 600px) 100vw, 600px\" \/><\/figure>\n\n\n\n<p>Franz Johnston, l\u2019un des membres fondateurs du Groupe des Sept, \u00e9tait particuli\u00e8rement reconnu pour ses paysages d\u2019hiver. L\u2019Algoma, sujet de son \u0153uvre <em>Algoma Landscape<\/em> [Paysage de l\u2019Algoma] (1923), \u00e9tait un lieu de pr\u00e9dilection pour les membres du Groupe. Johnston y saisit un ciel bleu \u00e9clatant par une froide journ\u00e9e hivernale canadienne, exprimant une atmosph\u00e8re de calme apr\u00e8s une chute de neige fra\u00eeche.<\/p>\n\n\n\n<figure class=\"wp-block-image size-large is-resized\"><img decoding=\"async\" width=\"756\" height=\"1024\" src=\"https:\/\/oaggao.ca\/wp-content\/uploads\/2025\/07\/FAC0756-756x1024.jpg\" alt=\"\" class=\"wp-image-46025\" style=\"width:601px;height:auto\" srcset=\"https:\/\/oaggao.ca\/wp-content\/uploads\/2025\/07\/FAC0756-756x1024.jpg 756w, https:\/\/oaggao.ca\/wp-content\/uploads\/2025\/07\/FAC0756-222x300.jpg 222w, https:\/\/oaggao.ca\/wp-content\/uploads\/2025\/07\/FAC0756-768x1040.jpg 768w, https:\/\/oaggao.ca\/wp-content\/uploads\/2025\/07\/FAC0756-1134x1536.jpg 1134w, https:\/\/oaggao.ca\/wp-content\/uploads\/2025\/07\/FAC0756.jpg 1477w\" sizes=\"(max-width: 756px) 100vw, 756px\" \/><figcaption class=\"wp-element-caption\">Franz Johnston, <em>Algoma Landscape<\/em> [Paysage de l\u2019Algoma], 1923, tempera sur carton, 98,3 x<br>73,4 cm. FAC0756. Collection Firestone d\u2019art canadien, Galerie d\u2019art d\u2019Ottawa. Don de la<br>Fondation du patrimoine ontarien \u00e0 la Ville d\u2019Ottawa. Photo : Tim Wickens<\/figcaption><\/figure>\n\n\n\n<p>Le peintre Arthur Lismer, reconnu pour ses paysages expressifs et son r\u00f4le cl\u00e9 au sein du Groupe des Sept, a fait plusieurs excursions dans la baie Georgienne, o\u00f9 le contraste entre la for\u00eat luxuriante et le Bouclier canadien nourrissait son imagination. Dans ses \u0153uvres tardives, Lismer s\u2019est mis \u00e0 peindre des d\u00e9tails, ou des cadrages serr\u00e9s, de v\u00e9g\u00e9tation et de formations naturelles.<\/p>\n\n\n\n<figure class=\"wp-block-image size-large is-resized\"><img decoding=\"async\" width=\"1024\" height=\"816\" src=\"https:\/\/oaggao.ca\/wp-content\/uploads\/2025\/07\/FAC0900-1024x816.jpg\" alt=\"\" class=\"wp-image-46023\" style=\"width:602px;height:auto\" srcset=\"https:\/\/oaggao.ca\/wp-content\/uploads\/2025\/07\/FAC0900-1024x816.jpg 1024w, https:\/\/oaggao.ca\/wp-content\/uploads\/2025\/07\/FAC0900-300x239.jpg 300w, https:\/\/oaggao.ca\/wp-content\/uploads\/2025\/07\/FAC0900-768x612.jpg 768w, https:\/\/oaggao.ca\/wp-content\/uploads\/2025\/07\/FAC0900-1536x1224.jpg 1536w, https:\/\/oaggao.ca\/wp-content\/uploads\/2025\/07\/FAC0900.jpg 2000w\" sizes=\"(max-width: 1024px) 100vw, 1024px\" \/><figcaption class=\"wp-element-caption\">Arthur Lismer, <em>Georgian Bay Pines<\/em> [Pins, baie Georgienne], 1962, huile sur toile cartonn\u00e9e,<br>50,8cm x 40,6cm x 0,6cm. FAC0900. Collection Firestone d\u2019art canadien, Galerie d\u2019art d\u2019Ottawa<br>Don de la Fondation du patrimoine ontarien \u00e0 la ville d\u2019Ottawa. Photo : Tim Wickens<\/figcaption><\/figure>\n\n\n\n<p>Bien que le Groupe des Sept ait \u00e9t\u00e9 exclusivement masculin, des femmes comme Anne Savage ont jou\u00e9 un r\u00f4le essentiel dans le d\u00e9veloppement de l\u2019art moderne au Canada. Membre du groupe montr\u00e9alais de Beaver Hall, Savage a enseign\u00e9 \u00e0 la Banff School of Fine Arts (aujourd\u2019hui le Banff Centre for Arts and Creativity) durant l\u2019\u00e9t\u00e9 1949 \u2013 la m\u00eame ann\u00e9e o\u00f9 elle a peint <em>Banff<\/em> (1949). Cette \u0153uvre, ainsi que <em>Georgian Bay Pines<\/em> [Pins, baie Georgienne] (1962) d\u2019Arthur Lismer, sont pr\u00e9sent\u00e9es en ce moment dans la Salle Firestone dans le cadre de l\u2019exposition <a href=\"https:\/\/oaggao.ca\/fr\/a-laffiche\/exposition\/a-perte-de-vue\/\" target=\"_blank\" rel=\"noopener\" title=\"\"><em>\u00c0 perte de vue<\/em><\/a> \u00e0 la Galerie d\u2019art d\u2019Ottawa.<\/p>\n\n\n\n<figure class=\"wp-block-image size-large is-resized\"><img loading=\"lazy\" decoding=\"async\" width=\"1024\" height=\"878\" src=\"https:\/\/oaggao.ca\/wp-content\/uploads\/2025\/07\/FAC1124-1024x878.jpg\" alt=\"\" class=\"wp-image-46021\" style=\"width:602px;height:auto\" srcset=\"https:\/\/oaggao.ca\/wp-content\/uploads\/2025\/07\/FAC1124-1024x878.jpg 1024w, https:\/\/oaggao.ca\/wp-content\/uploads\/2025\/07\/FAC1124-300x257.jpg 300w, https:\/\/oaggao.ca\/wp-content\/uploads\/2025\/07\/FAC1124-768x658.jpg 768w, https:\/\/oaggao.ca\/wp-content\/uploads\/2025\/07\/FAC1124-1536x1316.jpg 1536w, https:\/\/oaggao.ca\/wp-content\/uploads\/2025\/07\/FAC1124.jpg 2000w\" sizes=\"(max-width: 1024px) 100vw, 1024px\" \/><figcaption class=\"wp-element-caption\">Anne Savage, <em>Banff<\/em>, 1949, huile sur contreplaqu\u00e9, 35,9cm x 30,8cm x 0,6cm. FAC1124.<br>Collection Firestone d\u2019art canadien, Galerie d\u2019art d\u2019Ottawa Don de la Fondation du patrimoine<br>ontarien \u00e0 la ville d\u2019Ottawa. Photo : Tim Wickens<\/figcaption><\/figure>\n\n\n\n<p>D\u00e9couvrez le <a href=\"https:\/\/oaggao.ca\/fr\/apprendre\/groupe-des-sept\/\" target=\"_blank\" rel=\"noopener\" title=\"\">Groupe des Sept<\/a>, ainsi que d\u2019autres \u0153uvres canadiennes remarquables, \u00e0 la Galerie d\u2019art d\u2019Ottawa gr\u00e2ce \u00e0 la <a href=\"https:\/\/oaggao.ca\/fr\/apprendre\/collections\/firestone\/\" target=\"_blank\" rel=\"noopener\" title=\"\">Collection Firestone d\u2019art canadien<\/a> \u2014 une collection importante couvrant la p\u00e9riode moderne, pr\u00e9sent\u00e9e dans la Salle Firestone de la GAO.<\/p>\n\n\n\n<figure class=\"wp-block-image size-large is-resized\"><a href=\"https:\/\/nac-cna.ca\/fr\/\" target=\"_blank\" rel=\" noreferrer noopener\"><img loading=\"lazy\" decoding=\"async\" width=\"1024\" height=\"196\" src=\"https:\/\/oaggao.ca\/wp-content\/uploads\/2025\/07\/CNA_RGB_Tag-1024x196.png\" alt=\"\" class=\"wp-image-46027\" style=\"width:303px;height:auto\" srcset=\"https:\/\/oaggao.ca\/wp-content\/uploads\/2025\/07\/CNA_RGB_Tag-1024x196.png 1024w, https:\/\/oaggao.ca\/wp-content\/uploads\/2025\/07\/CNA_RGB_Tag-300x58.png 300w, https:\/\/oaggao.ca\/wp-content\/uploads\/2025\/07\/CNA_RGB_Tag-768x147.png 768w, https:\/\/oaggao.ca\/wp-content\/uploads\/2025\/07\/CNA_RGB_Tag.png 1527w\" sizes=\"(max-width: 1024px) 100vw, 1024px\" \/><\/a><\/figure>\n\n\n\n<p><\/p>\n","protected":false},"excerpt":{"rendered":"<p>Aujourd\u2019hui est le Jour du Groupe des Sept ! En effet, le 7 juillet nous soulignons l\u2019h\u00e9ritage de ce groupe d\u2019artistes dont les \u0153uvres audacieuses et vibrantes, repr\u00e9sentant la nature [&hellip;]<\/p>\n","protected":false},"featured_media":46021,"menu_order":0,"template":"","oag_news_category":[],"class_list":["post-46026","oag_news_article","type-oag_news_article","status-publish","has-post-thumbnail","hentry"],"acf":[],"aioseo_notices":[],"_links":{"self":[{"href":"https:\/\/oaggao.ca\/fr\/wp-json\/wp\/v2\/oag_news_article\/46026","targetHints":{"allow":["GET"]}}],"collection":[{"href":"https:\/\/oaggao.ca\/fr\/wp-json\/wp\/v2\/oag_news_article"}],"about":[{"href":"https:\/\/oaggao.ca\/fr\/wp-json\/wp\/v2\/types\/oag_news_article"}],"wp:featuredmedia":[{"embeddable":true,"href":"https:\/\/oaggao.ca\/fr\/wp-json\/wp\/v2\/media\/46021"}],"wp:attachment":[{"href":"https:\/\/oaggao.ca\/fr\/wp-json\/wp\/v2\/media?parent=46026"}],"wp:term":[{"taxonomy":"oag_news_category","embeddable":true,"href":"https:\/\/oaggao.ca\/fr\/wp-json\/wp\/v2\/oag_news_category?post=46026"}],"curies":[{"name":"wp","href":"https:\/\/api.w.org\/{rel}","templated":true}]}}