{"id":48262,"date":"2026-02-03T14:54:00","date_gmt":"2026-02-03T19:54:00","guid":{"rendered":"https:\/\/oaggao.ca\/?post_type=oag_news_article&#038;p=48262"},"modified":"2026-02-05T12:56:55","modified_gmt":"2026-02-05T17:56:55","slug":"ottawa-200-celebrons-nos-communautes-notre-creativite-et-nos-artistes","status":"publish","type":"oag_news_article","link":"https:\/\/oaggao.ca\/fr\/a-laffiche\/nouvelles\/ottawa-200-celebrons-nos-communautes-notre-creativite-et-nos-artistes\/","title":{"rendered":"Ottawa 200 : c\u00e9l\u00e9brons nos communaut\u00e9s, notre cr\u00e9ativit\u00e9 et nos artistes"},"content":{"rendered":"\n<figure class=\"wp-block-image size-large\"><img fetchpriority=\"high\" decoding=\"async\" width=\"1024\" height=\"683\" src=\"https:\/\/oaggao.ca\/wp-content\/uploads\/2024\/06\/LIN03694-1024x683.jpg\" alt=\"\" class=\"wp-image-40523\" srcset=\"https:\/\/oaggao.ca\/wp-content\/uploads\/2024\/06\/LIN03694-1024x683.jpg 1024w, https:\/\/oaggao.ca\/wp-content\/uploads\/2024\/06\/LIN03694-300x200.jpg 300w, https:\/\/oaggao.ca\/wp-content\/uploads\/2024\/06\/LIN03694-768x512.jpg 768w, https:\/\/oaggao.ca\/wp-content\/uploads\/2024\/06\/LIN03694-1536x1024.jpg 1536w, https:\/\/oaggao.ca\/wp-content\/uploads\/2024\/06\/LIN03694-scaled.jpg 2048w, https:\/\/oaggao.ca\/wp-content\/uploads\/2024\/06\/LIN03694-600x400.jpg 600w\" sizes=\"(max-width: 1024px) 100vw, 1024px\" \/><figcaption class=\"wp-element-caption\">Photo : Lindsay Ralph<\/figcaption><\/figure>\n\n\n\n<p>En 2026, Ottawa c\u00e9l\u00e8bre un anniversaire majeur : 200 ans depuis sa fondation ! En tant que galerie d\u2019art publique situ\u00e9e au c\u0153ur de la ville, la Galerie d\u2019art d\u2019Ottawa est fi\u00e8re de jouer un r\u00f4le actif dans les c\u00e9l\u00e9brations Ottawa 200, en utilisant l\u2019art comme un moyen puissant de r\u00e9fl\u00e9chir sur notre pass\u00e9, de s\u2019engager dans le pr\u00e9sent et, ensemble, d\u2019imaginer un avenir plein de promesses.&nbsp;<\/p>\n\n\n\n<p>Ottawa a \u00e9t\u00e9 fa\u00e7onn\u00e9e par la cr\u00e9ativit\u00e9, la r\u00e9silience et une diversit\u00e9 de voix et les artistes ont aid\u00e9 \u00e0 d\u00e9finir et faire valoir ce lieu, ses alentours, ses quartiers, ses histoires et ses communaut\u00e9s. Alors que la ville se rassemble pour c\u00e9l\u00e9brer Ottawa 200, la Galerie d\u2019art d\u2019Ottawa s\u2019engage \u00e0 faire entendre ces voix et \u00e0 cr\u00e9er des exp\u00e9riences culturelles&nbsp;significatives, invitant tout le monde \u00e0 participer tout en explorant notre histoire.&nbsp;<\/p>\n\n\n\n<p><strong>200+ La culture au&nbsp;c\u0153ur<\/strong><strong><\/strong>&nbsp;<\/p>\n\n\n\n<p>La Galerie d\u2019art d\u2019Ottawa est ravie de proposer des activit\u00e9s qui portent l\u2019art au-del\u00e0 de nos murs pour cette ann\u00e9e exceptionnelle.&nbsp;<\/p>\n\n\n\n<p>C\u2019est avec beaucoup d\u2019enthousiasme que la GAO lance&nbsp;<em>200+ La culture au&nbsp;c\u0153ur<\/em>,&nbsp;une&nbsp;ann\u00e9e&nbsp;de&nbsp;festivit\u00e9s&nbsp;artistiques&nbsp;et&nbsp;culturelles&nbsp;au centre-ville&nbsp;d\u2019Ottawa. En&nbsp;collaborant&nbsp;avec des artistes de la&nbsp;r\u00e9gion, des&nbsp;partenaires&nbsp;culturels&nbsp;et la Ville&nbsp;d\u2019Ottawa, nous&nbsp;animerons&nbsp;Ottawa 200 avec des moments&nbsp;en&nbsp;arts qui&nbsp;feront&nbsp;battre&nbsp;nos&nbsp;c\u0153urs,&nbsp;\u00e9veilleront&nbsp;la&nbsp;curiosit\u00e9,&nbsp;susciteront&nbsp;la conversation et&nbsp;inviteront&nbsp;\u00e0&nbsp;c\u00e9l\u00e9brer&nbsp;notre&nbsp;ville&nbsp;ensemble.&nbsp;<\/p>\n\n\n\n<p>Attendez-vous \u00e0 vivre&nbsp;une&nbsp;immersion&nbsp;culturelle&nbsp;sans&nbsp;pareil&nbsp;avec des expositions, des&nbsp;activit\u00e9s, des&nbsp;\u00e9v\u00e9nements&nbsp;et des initiatives&nbsp;captivantes, qui&nbsp;exploreront&nbsp;ce&nbsp;que&nbsp;repr\u00e9sentent&nbsp;aujourd\u2019hui&nbsp;ces&nbsp;200&nbsp;ans&nbsp; tout&nbsp;en&nbsp;rendant&nbsp;hommage&nbsp;\u00e0&nbsp;l\u2019histoire&nbsp;de&nbsp;ce&nbsp;territoire, bien plus&nbsp;ancienne.&nbsp;<\/p>\n\n\n\n<p><strong>Que&nbsp;veut&nbsp;dire le&nbsp;+ ?&nbsp;<\/strong><strong>Honorer&nbsp;l\u2019histoire&nbsp;de&nbsp;ce&nbsp;territoire<\/strong><strong>&nbsp;<\/strong><strong><\/strong>&nbsp;<\/p>\n\n\n\n<p>Ottawa c\u00e9l\u00e8bre 200&nbsp;ans&nbsp;d\u2019histoire,&nbsp;mais&nbsp;le \u00ab\u202f+\u202f\u00bb nous invite \u00e0&nbsp;aller&nbsp;au-del\u00e0&nbsp;de&nbsp;cet&nbsp;anniversaire. Il met&nbsp;en&nbsp;lumi\u00e8re les histoires&nbsp;anciennes&nbsp;de&nbsp;ce&nbsp;territoire, bien&nbsp;ant\u00e9rieures&nbsp;\u00e0 la&nbsp;fondation&nbsp;de la&nbsp;ville, et c\u00e9l\u00e8bre la&nbsp;pr\u00e9sence&nbsp;continue et le&nbsp;r\u00f4le&nbsp;culturel&nbsp;des artistes&nbsp;autochtones.&nbsp;Ces&nbsp;r\u00e9cits&nbsp;d\u00e9passent&nbsp;largement&nbsp;200&nbsp;ans&nbsp;et&nbsp;continuent&nbsp;d\u2019influencer&nbsp;et&nbsp;d\u2019inspirer&nbsp;ce&nbsp;lieu&nbsp;aujourd\u2019hui.&nbsp;<\/p>\n\n\n\n<p><strong>Une&nbsp;ann\u00e9e&nbsp;de&nbsp;c\u00e9l\u00e9brations<\/strong><strong><\/strong>&nbsp;<\/p>\n\n\n\n<p><em>200+ La culture au&nbsp;c\u0153ur&nbsp;<\/em>met en lumi\u00e8re Ottawa comme une capitale dynamique et cr\u00e9ative, tout en montrant combien le partenariat est essentiel pour fa\u00e7onner son avenir culturel. Cette c\u00e9l\u00e9bration rassemblera visions partag\u00e9es, voix multiples et audace afin comm\u00e9morer de fa\u00e7on marquante les 200 ans d\u2019Ottawa.&nbsp;<\/p>\n\n\n\n<p>Tout au long de l\u2019ann\u00e9e, des projets cr\u00e9atifs et des partenariats artistiques donneront vie aux espaces publics, valoriseront les voix diverses de notre ville et offriront de nouvelles opportunit\u00e9s aux artistes et au public. Ensemble, ils illustreront le r\u00f4le de la Galerie d\u2019art d\u2019Ottawa en mati\u00e8re de d\u00e9veloppement culturel centr\u00e9 sur la communaut\u00e9 et l\u2019engagement qu\u2019elle tient envers l\u2019excellence artistique.&nbsp;<\/p>\n\n\n\n<p>La GAO d\u00e9voilera bient\u00f4t la programmation et les partenariats&nbsp;qui animeront Ottawa 200.&nbsp;<\/p>\n\n\n\n<p><strong>Pour un futur anim\u00e9 par les artistes et la cr\u00e9ativit\u00e9<\/strong><strong><\/strong>&nbsp;<\/p>\n\n\n\n<p>\u00c0 travers des commandes, des expositions, des ateliers et des projets participatifs, la GAO ouvre de nouvelles possibilit\u00e9s pour que les artistes puissent contribuer pleinement \u00e0 ce moment historique. Soutenir les artistes est au c\u0153ur de la mission de la GAO. Ottawa 200 offre une occasion unique de mettre en lumi\u00e8re le talent, la cr\u00e9ativit\u00e9 et le leadership des artistes de notre r\u00e9gion.&nbsp;<\/p>\n\n\n\n<p>Ces initiatives ne se contentent pas de f\u00eater un anniversaire : elles ouvrent la discussion sur l\u2019avenir culturel d\u2019Ottawa. En renfor\u00e7ant les liens, en favorisant la collaboration et en impliquant de nouveaux publics, nous contribuons \u00e0 faire en sorte que les arts et la culture continuent de rayonner dans la ville pour les g\u00e9n\u00e9rations \u00e0 venir.&nbsp;<\/p>\n\n\n\n<p><strong>C\u00e9l\u00e9brons, ensemble<\/strong>&nbsp;<\/p>\n\n\n\n<p>Ottawa 200 sera l\u2019occasion de c\u00e9l\u00e9brer cette magnifique ville o\u00f9 nous vivons, de se retrouver et de mettre en valeur son territoire et ses possibilit\u00e9s. La Galerie d\u2019art d\u2019Ottawa est honor\u00e9e de faire partie de cette ann\u00e9e marquante et de contribuer \u00e0 la cr\u00e9ativit\u00e9, \u00e0 la collaboration et \u00e0 l\u2019engagement communautaire.&nbsp;<\/p>\n\n\n\n<p>Nous vous invitons \u00e0 prendre part aux c\u00e9l\u00e9brations, \u00e0 d\u00e9couvrir l\u2019art \u00e0 travers la ville (et la ville \u00e0 travers l\u2019art !) et \u00e0 c\u00e9l\u00e9brer ses + de 200 ans.&nbsp;<\/p>\n\n\n\n<figure class=\"wp-block-image size-full is-resized\"><img decoding=\"async\" width=\"526\" height=\"119\" src=\"https:\/\/oaggao.ca\/wp-content\/uploads\/2026\/02\/200-Logos-FR.png\" alt=\"\" class=\"wp-image-48285\" style=\"width:445px;height:auto\" srcset=\"https:\/\/oaggao.ca\/wp-content\/uploads\/2026\/02\/200-Logos-FR.png 526w, https:\/\/oaggao.ca\/wp-content\/uploads\/2026\/02\/200-Logos-FR-300x68.png 300w\" sizes=\"(max-width: 526px) 100vw, 526px\" \/><\/figure>\n\n\n\n<p><\/p>\n","protected":false},"excerpt":{"rendered":"<p>En 2026, Ottawa c\u00e9l\u00e8bre un anniversaire majeur : 200 ans depuis sa fondation ! En tant que galerie d\u2019art publique situ\u00e9e au c\u0153ur de la ville, la Galerie d\u2019art d\u2019Ottawa [&hellip;]<\/p>\n","protected":false},"featured_media":40523,"menu_order":0,"template":"","oag_news_category":[],"class_list":["post-48262","oag_news_article","type-oag_news_article","status-publish","has-post-thumbnail","hentry"],"acf":[],"aioseo_notices":[],"_links":{"self":[{"href":"https:\/\/oaggao.ca\/fr\/wp-json\/wp\/v2\/oag_news_article\/48262","targetHints":{"allow":["GET"]}}],"collection":[{"href":"https:\/\/oaggao.ca\/fr\/wp-json\/wp\/v2\/oag_news_article"}],"about":[{"href":"https:\/\/oaggao.ca\/fr\/wp-json\/wp\/v2\/types\/oag_news_article"}],"wp:featuredmedia":[{"embeddable":true,"href":"https:\/\/oaggao.ca\/fr\/wp-json\/wp\/v2\/media\/40523"}],"wp:attachment":[{"href":"https:\/\/oaggao.ca\/fr\/wp-json\/wp\/v2\/media?parent=48262"}],"wp:term":[{"taxonomy":"oag_news_category","embeddable":true,"href":"https:\/\/oaggao.ca\/fr\/wp-json\/wp\/v2\/oag_news_category?post=48262"}],"curies":[{"name":"wp","href":"https:\/\/api.w.org\/{rel}","templated":true}]}}