{"id":50722,"date":"2026-09-02T12:52:10","date_gmt":"2026-09-02T16:52:10","guid":{"rendered":"https:\/\/oaggao.ca\/?post_type=oag_news_article&#038;p=50722"},"modified":"2026-09-02T12:59:53","modified_gmt":"2026-09-02T16:59:53","slug":"un-message-de-la-part-de-la-directrice-et-chef-de-la-direction-de-la-gao-et-du-conseil-dadministration-de-la-gao","status":"publish","type":"oag_news_article","link":"https:\/\/oaggao.ca\/fr\/a-laffiche\/nouvelles\/un-message-de-la-part-de-la-directrice-et-chef-de-la-direction-de-la-gao-et-du-conseil-dadministration-de-la-gao\/","title":{"rendered":"Un message de la part de la directrice et chef de la direction de la GAO et du conseil d\u2019administration de la GAO"},"content":{"rendered":"\n<figure class=\"wp-block-image size-large\"><img fetchpriority=\"high\" decoding=\"async\" width=\"1024\" height=\"892\" src=\"https:\/\/oaggao.ca\/wp-content\/uploads\/2026\/09\/RT_4956-1024x892.jpg\" alt=\"\" class=\"wp-image-50718\" srcset=\"https:\/\/oaggao.ca\/wp-content\/uploads\/2026\/09\/RT_4956-1024x892.jpg 1024w, https:\/\/oaggao.ca\/wp-content\/uploads\/2026\/09\/RT_4956-300x261.jpg 300w, https:\/\/oaggao.ca\/wp-content\/uploads\/2026\/09\/RT_4956-768x669.jpg 768w, https:\/\/oaggao.ca\/wp-content\/uploads\/2026\/09\/RT_4956-1536x1339.jpg 1536w, https:\/\/oaggao.ca\/wp-content\/uploads\/2026\/09\/RT_4956.jpg 2000w\" sizes=\"(max-width: 1024px) 100vw, 1024px\" \/><\/figure>\n\n\n\n<h4 class=\"wp-block-heading\"><strong>Un message de la part de la directrice et chef de la direction de la GAO<\/strong><\/h4>\n\n\n\n<p class=\"wp-block-paragraph\">\u00c0 nos membres, aux personnes qui nous appuient et \u00e0 notre communaut\u00e9,<\/p>\n\n\n\n<p class=\"wp-block-paragraph\">Je vous \u00e9cris pour vous partager une nouvelle personnelle. J\u2019ai re\u00e7u un diagnostic de cancer et je vais bient\u00f4t commencer un traitement \u00e0 L\u2019H\u00f4pital d\u2019Ottawa.<\/p>\n\n\n\n<p class=\"wp-block-paragraph\">Bien que les prochains mois m\u2019am\u00e8neront \u00e0 travailler quelque peu diff\u00e9remment, principalement en ligne et selon un horaire plus pr\u00e9cis, je continuerai d\u2019assurer la direction de la Galerie d\u2019art d\u2019Ottawa tout au long de mon traitement. Continuer \u00e0 faire partie de la GAO et du travail qui nous attend m\u2019apporte un pr\u00e9cieux sentiment d\u2019ancrage, et je suis tr\u00e8s reconnaissante de pouvoir le faire.<\/p>\n\n\n\n<p class=\"wp-block-paragraph\">Je suis profond\u00e9ment rassur\u00e9e par la confiance que j\u2019ai en l&rsquo;incroyable \u00e9quipe de la GAO. C\u2019est un groupe de personnes exceptionnelles, dont le leadership, l\u2019expertise, la cr\u00e9ativit\u00e9 et le souci des autres fa\u00e7onnent ce que la Galerie est et ce qu\u2019elle repr\u00e9sente.<\/p>\n\n\n\n<p class=\"wp-block-paragraph\">Je suis \u00e9galement extr\u00eamement reconnaissante envers Mark Schaan, pr\u00e9sident de notre conseil d\u2019administration, et envers tous les membres du conseil pour leur soutien et leur compr\u00e9hension, ainsi que pour la flexibilit\u00e9 qui me permet de prioriser ma sant\u00e9 tout en continuant \u00e0 diriger la GAO, institution qui me tient tant \u00e0 c\u0153ur.<\/p>\n\n\n\n<p class=\"wp-block-paragraph\"><br>La GAO travaille fort sur des projets tr\u00e8s excitants et j\u2019ai h\u00e2te de continuer \u00e0 faire avancer ensemble ces initiatives (m\u00eame si ce sera sous diff\u00e9rentes formes pour quelque temps.)<\/p>\n\n\n\n<p class=\"wp-block-paragraph\">Je vous remercie de faire partie de la communaut\u00e9 de la Galerie d\u2019art d\u2019Ottawa.<\/p>\n\n\n\n<p class=\"wp-block-paragraph\">Sinc\u00e8rement,<br>Alexandra<br>Directrice et chef de la direction<\/p>\n\n\n\n<figure class=\"wp-block-image size-full is-resized\"><img decoding=\"async\" width=\"561\" height=\"121\" src=\"https:\/\/oaggao.ca\/wp-content\/uploads\/2022\/01\/signature.jpeg\" alt=\"\" class=\"wp-image-20503\" style=\"width:196px;height:auto\" srcset=\"https:\/\/oaggao.ca\/wp-content\/uploads\/2022\/01\/signature.jpeg 561w, https:\/\/oaggao.ca\/wp-content\/uploads\/2022\/01\/signature-300x65.jpeg 300w\" sizes=\"(max-width: 561px) 100vw, 561px\" \/><\/figure>\n\n\n\n<div style=\"height:15px\" aria-hidden=\"true\" class=\"wp-block-spacer\"><\/div>\n\n\n\n<figure class=\"wp-block-image size-large\"><img decoding=\"async\" width=\"1024\" height=\"837\" src=\"https:\/\/oaggao.ca\/wp-content\/uploads\/2026\/09\/d2628231-f464-850b-1a98-8a2c768984a0-1024x837.jpg\" alt=\"\" class=\"wp-image-50720\" srcset=\"https:\/\/oaggao.ca\/wp-content\/uploads\/2026\/09\/d2628231-f464-850b-1a98-8a2c768984a0-1024x837.jpg 1024w, https:\/\/oaggao.ca\/wp-content\/uploads\/2026\/09\/d2628231-f464-850b-1a98-8a2c768984a0-300x245.jpg 300w, https:\/\/oaggao.ca\/wp-content\/uploads\/2026\/09\/d2628231-f464-850b-1a98-8a2c768984a0-768x628.jpg 768w, https:\/\/oaggao.ca\/wp-content\/uploads\/2026\/09\/d2628231-f464-850b-1a98-8a2c768984a0.jpg 1195w\" sizes=\"(max-width: 1024px) 100vw, 1024px\" \/><\/figure>\n\n\n\n<h4 class=\"wp-block-heading\"><strong>Un message du conseil d\u2019administration de la GAO<\/strong><\/h4>\n\n\n\n<p class=\"wp-block-paragraph\">\u00c0 la communaut\u00e9 de la GAO,<\/p>\n\n\n\n<p class=\"wp-block-paragraph\">Au nom du conseil d\u2019administration, je tiens \u00e0 exprimer tout notre soutien \u00e0 Alexandra alors qu\u2019elle commence son traitement. Les gens qui ont eu le privil\u00e8ge de travailler avec Alex connaissent son engagement ind\u00e9fectible, sa vision et toute l\u2019\u00e9nergie qu\u2019elle apporte \u00e0 la GAO depuis plus de 16 ans \u00e0 sa direction. Ce leadership se poursuit.<\/p>\n\n\n\n<p class=\"wp-block-paragraph\">Le r\u00f4le du conseil dans les prochains mois est simple&nbsp;: soutenir Alex afin qu\u2019elle puisse prioriser sa sant\u00e9, tout en lui permettant de continuer \u00e0 diriger la GAO d\u2019une mani\u00e8re qui lui convient durant son traitement.<\/p>\n\n\n\n<p class=\"wp-block-paragraph\">La GAO a une \u00e9quipe exceptionnelle et un conseil d\u2019administration d\u00e9vou\u00e9, et ses projets en cours b\u00e9n\u00e9ficient d\u2019un \u00e9lan remarquable. Ensemble, nous serons aux c\u00f4t\u00e9s d\u2019Alex dans les prochains mois, tout en poursuivant le travail important de la Galerie.<\/p>\n\n\n\n<p class=\"wp-block-paragraph\">Nous savons qu\u2019Alex pourra compter sur la bienveillance et les encouragements des communaut\u00e9s qui entourent la GAO, ce qui compte beaucoup.<\/p>\n\n\n\n<p class=\"wp-block-paragraph\">Mark Schaan<br>pr\u00e9sidence, et au nom du conseil d\u2019administration de la GAO<\/p>\n\n\n\n<figure class=\"wp-block-image size-full is-resized\"><img loading=\"lazy\" decoding=\"async\" width=\"414\" height=\"139\" src=\"https:\/\/oaggao.ca\/wp-content\/uploads\/2022\/07\/Mark-sig.png\" alt=\"\" class=\"wp-image-26588\" style=\"width:141px;height:auto\" srcset=\"https:\/\/oaggao.ca\/wp-content\/uploads\/2022\/07\/Mark-sig.png 414w, https:\/\/oaggao.ca\/wp-content\/uploads\/2022\/07\/Mark-sig-300x101.png 300w\" sizes=\"(max-width: 414px) 100vw, 414px\" \/><\/figure>\n\n\n\n<p class=\"wp-block-paragraph\"><\/p>\n","protected":false},"excerpt":{"rendered":"<p>Un message de la part de la directrice et chef de la direction de la GAO \u00c0 nos membres, aux personnes qui nous appuient et \u00e0 notre communaut\u00e9, Je vous [&hellip;]<\/p>\n","protected":false},"featured_media":50718,"menu_order":0,"template":"","oag_news_category":[],"class_list":["post-50722","oag_news_article","type-oag_news_article","status-publish","has-post-thumbnail","hentry"],"acf":[],"aioseo_notices":[],"aioseo_head":"\n\t\t<!-- All in One SEO 4.9.9 - aioseo.com -->\n\t<meta name=\"robots\" content=\"max-image-preview:large\" \/>\n\t<link rel=\"canonical\" href=\"https:\/\/oaggao.ca\/fr\/a-laffiche\/nouvelles\/un-message-de-la-part-de-la-directrice-et-chef-de-la-direction-de-la-gao-et-du-conseil-dadministration-de-la-gao\/\" \/>\n\t<meta name=\"generator\" content=\"All in One SEO (AIOSEO) 4.9.9\" \/>\n\t\t<meta property=\"og:locale\" content=\"fr_FR\" \/>\n\t\t<meta property=\"og:site_name\" content=\"La Galerie d\u2019art d\u2019Ottawa |\" \/>\n\t\t<meta property=\"og:type\" content=\"article\" \/>\n\t\t<meta property=\"og:title\" content=\"Un message de la part de la directrice et chef de la direction de la GAO et du conseil d\u2019administration de la GAO | La Galerie d\u2019art d\u2019Ottawa\" \/>\n\t\t<meta property=\"og:url\" content=\"https:\/\/oaggao.ca\/fr\/a-laffiche\/nouvelles\/un-message-de-la-part-de-la-directrice-et-chef-de-la-direction-de-la-gao-et-du-conseil-dadministration-de-la-gao\/\" \/>\n\t\t<meta property=\"article:published_time\" content=\"2026-09-02T16:52:10+00:00\" \/>\n\t\t<meta property=\"article:modified_time\" content=\"2026-09-02T16:59:53+00:00\" \/>\n\t\t<meta name=\"twitter:card\" content=\"summary\" \/>\n\t\t<meta name=\"twitter:title\" content=\"Un message de la part de la directrice et chef de la direction de la GAO et du conseil d\u2019administration de la GAO | La Galerie d\u2019art d\u2019Ottawa\" \/>\n\t\t<script type=\"application\/ld+json\" class=\"aioseo-schema\">\n\t\t\t{\"@context\":\"https:\\\/\\\/schema.org\",\"@graph\":[{\"@type\":\"BreadcrumbList\",\"@id\":\"https:\\\/\\\/oaggao.ca\\\/fr\\\/a-laffiche\\\/nouvelles\\\/un-message-de-la-part-de-la-directrice-et-chef-de-la-direction-de-la-gao-et-du-conseil-dadministration-de-la-gao\\\/#breadcrumblist\",\"itemListElement\":[{\"@type\":\"ListItem\",\"@id\":\"https:\\\/\\\/oaggao.ca\\\/fr\\\/#listItem\",\"position\":1,\"name\":\"Home\",\"item\":\"https:\\\/\\\/oaggao.ca\\\/fr\\\/\",\"nextItem\":{\"@type\":\"ListItem\",\"@id\":\"https:\\\/\\\/oaggao.ca\\\/fr\\\/a-laffiche\\\/nouvelles\\\/un-message-de-la-part-de-la-directrice-et-chef-de-la-direction-de-la-gao-et-du-conseil-dadministration-de-la-gao\\\/#listItem\",\"name\":\"Un message de la part de la directrice et chef de la direction de la GAO et du conseil d\\u2019administration de la GAO\"}},{\"@type\":\"ListItem\",\"@id\":\"https:\\\/\\\/oaggao.ca\\\/fr\\\/a-laffiche\\\/nouvelles\\\/un-message-de-la-part-de-la-directrice-et-chef-de-la-direction-de-la-gao-et-du-conseil-dadministration-de-la-gao\\\/#listItem\",\"position\":2,\"name\":\"Un message de la part de la directrice et chef de la direction de la GAO et du conseil d\\u2019administration de la GAO\",\"previousItem\":{\"@type\":\"ListItem\",\"@id\":\"https:\\\/\\\/oaggao.ca\\\/fr\\\/#listItem\",\"name\":\"Home\"}}]},{\"@type\":\"Organization\",\"@id\":\"https:\\\/\\\/oaggao.ca\\\/fr\\\/#organization\",\"name\":\"La Galerie d\\u2019art d\\u2019Ottawa\",\"url\":\"https:\\\/\\\/oaggao.ca\\\/fr\\\/\"},{\"@type\":\"WebPage\",\"@id\":\"https:\\\/\\\/oaggao.ca\\\/fr\\\/a-laffiche\\\/nouvelles\\\/un-message-de-la-part-de-la-directrice-et-chef-de-la-direction-de-la-gao-et-du-conseil-dadministration-de-la-gao\\\/#webpage\",\"url\":\"https:\\\/\\\/oaggao.ca\\\/fr\\\/a-laffiche\\\/nouvelles\\\/un-message-de-la-part-de-la-directrice-et-chef-de-la-direction-de-la-gao-et-du-conseil-dadministration-de-la-gao\\\/\",\"name\":\"Un message de la part de la directrice et chef de la direction de la GAO et du conseil d\\u2019administration de la GAO | La Galerie d\\u2019art d\\u2019Ottawa\",\"inLanguage\":\"fr-FR\",\"isPartOf\":{\"@id\":\"https:\\\/\\\/oaggao.ca\\\/fr\\\/#website\"},\"breadcrumb\":{\"@id\":\"https:\\\/\\\/oaggao.ca\\\/fr\\\/a-laffiche\\\/nouvelles\\\/un-message-de-la-part-de-la-directrice-et-chef-de-la-direction-de-la-gao-et-du-conseil-dadministration-de-la-gao\\\/#breadcrumblist\"},\"image\":{\"@type\":\"ImageObject\",\"url\":\"https:\\\/\\\/oaggao.ca\\\/wp-content\\\/uploads\\\/2026\\\/09\\\/RT_4956.jpg\",\"@id\":\"https:\\\/\\\/oaggao.ca\\\/fr\\\/a-laffiche\\\/nouvelles\\\/un-message-de-la-part-de-la-directrice-et-chef-de-la-direction-de-la-gao-et-du-conseil-dadministration-de-la-gao\\\/#mainImage\",\"width\":2000,\"height\":1743},\"primaryImageOfPage\":{\"@id\":\"https:\\\/\\\/oaggao.ca\\\/fr\\\/a-laffiche\\\/nouvelles\\\/un-message-de-la-part-de-la-directrice-et-chef-de-la-direction-de-la-gao-et-du-conseil-dadministration-de-la-gao\\\/#mainImage\"},\"datePublished\":\"2026-09-02T12:52:10-04:00\",\"dateModified\":\"2026-09-02T12:59:53-04:00\"},{\"@type\":\"WebSite\",\"@id\":\"https:\\\/\\\/oaggao.ca\\\/fr\\\/#website\",\"url\":\"https:\\\/\\\/oaggao.ca\\\/fr\\\/\",\"name\":\"Ottawa Art Gallery\",\"inLanguage\":\"fr-FR\",\"publisher\":{\"@id\":\"https:\\\/\\\/oaggao.ca\\\/fr\\\/#organization\"}}]}\n\t\t<\/script>\n\t\t<!-- All in One SEO -->\n\n","aioseo_head_json":{"title":"Un message de la part de la directrice et chef de la direction de la GAO et du conseil d\u2019administration de la GAO | La Galerie d\u2019art d\u2019Ottawa","description":"","canonical_url":"https:\/\/oaggao.ca\/fr\/a-laffiche\/nouvelles\/un-message-de-la-part-de-la-directrice-et-chef-de-la-direction-de-la-gao-et-du-conseil-dadministration-de-la-gao\/","robots":"max-image-preview:large","keywords":"","webmasterTools":{"miscellaneous":""},"schema":{"@context":"https:\/\/schema.org","@graph":[{"@type":"BreadcrumbList","@id":"https:\/\/oaggao.ca\/fr\/a-laffiche\/nouvelles\/un-message-de-la-part-de-la-directrice-et-chef-de-la-direction-de-la-gao-et-du-conseil-dadministration-de-la-gao\/#breadcrumblist","itemListElement":[{"@type":"ListItem","@id":"https:\/\/oaggao.ca\/fr\/#listItem","position":1,"name":"Home","item":"https:\/\/oaggao.ca\/fr\/","nextItem":{"@type":"ListItem","@id":"https:\/\/oaggao.ca\/fr\/a-laffiche\/nouvelles\/un-message-de-la-part-de-la-directrice-et-chef-de-la-direction-de-la-gao-et-du-conseil-dadministration-de-la-gao\/#listItem","name":"Un message de la part de la directrice et chef de la direction de la GAO et du conseil d\u2019administration de la GAO"}},{"@type":"ListItem","@id":"https:\/\/oaggao.ca\/fr\/a-laffiche\/nouvelles\/un-message-de-la-part-de-la-directrice-et-chef-de-la-direction-de-la-gao-et-du-conseil-dadministration-de-la-gao\/#listItem","position":2,"name":"Un message de la part de la directrice et chef de la direction de la GAO et du conseil d\u2019administration de la GAO","previousItem":{"@type":"ListItem","@id":"https:\/\/oaggao.ca\/fr\/#listItem","name":"Home"}}]},{"@type":"Organization","@id":"https:\/\/oaggao.ca\/fr\/#organization","name":"La Galerie d\u2019art d\u2019Ottawa","url":"https:\/\/oaggao.ca\/fr\/"},{"@type":"WebPage","@id":"https:\/\/oaggao.ca\/fr\/a-laffiche\/nouvelles\/un-message-de-la-part-de-la-directrice-et-chef-de-la-direction-de-la-gao-et-du-conseil-dadministration-de-la-gao\/#webpage","url":"https:\/\/oaggao.ca\/fr\/a-laffiche\/nouvelles\/un-message-de-la-part-de-la-directrice-et-chef-de-la-direction-de-la-gao-et-du-conseil-dadministration-de-la-gao\/","name":"Un message de la part de la directrice et chef de la direction de la GAO et du conseil d\u2019administration de la GAO | La Galerie d\u2019art d\u2019Ottawa","inLanguage":"fr-FR","isPartOf":{"@id":"https:\/\/oaggao.ca\/fr\/#website"},"breadcrumb":{"@id":"https:\/\/oaggao.ca\/fr\/a-laffiche\/nouvelles\/un-message-de-la-part-de-la-directrice-et-chef-de-la-direction-de-la-gao-et-du-conseil-dadministration-de-la-gao\/#breadcrumblist"},"image":{"@type":"ImageObject","url":"https:\/\/oaggao.ca\/wp-content\/uploads\/2026\/09\/RT_4956.jpg","@id":"https:\/\/oaggao.ca\/fr\/a-laffiche\/nouvelles\/un-message-de-la-part-de-la-directrice-et-chef-de-la-direction-de-la-gao-et-du-conseil-dadministration-de-la-gao\/#mainImage","width":2000,"height":1743},"primaryImageOfPage":{"@id":"https:\/\/oaggao.ca\/fr\/a-laffiche\/nouvelles\/un-message-de-la-part-de-la-directrice-et-chef-de-la-direction-de-la-gao-et-du-conseil-dadministration-de-la-gao\/#mainImage"},"datePublished":"2026-09-02T12:52:10-04:00","dateModified":"2026-09-02T12:59:53-04:00"},{"@type":"WebSite","@id":"https:\/\/oaggao.ca\/fr\/#website","url":"https:\/\/oaggao.ca\/fr\/","name":"Ottawa Art Gallery","inLanguage":"fr-FR","publisher":{"@id":"https:\/\/oaggao.ca\/fr\/#organization"}}]},"og:locale":"fr_FR","og:site_name":"La Galerie d\u2019art d\u2019Ottawa |","og:type":"article","og:title":"Un message de la part de la directrice et chef de la direction de la GAO et du conseil d\u2019administration de la GAO | La Galerie d\u2019art d\u2019Ottawa","og:url":"https:\/\/oaggao.ca\/fr\/a-laffiche\/nouvelles\/un-message-de-la-part-de-la-directrice-et-chef-de-la-direction-de-la-gao-et-du-conseil-dadministration-de-la-gao\/","article:published_time":"2026-09-02T16:52:10+00:00","article:modified_time":"2026-09-02T16:59:53+00:00","twitter:card":"summary","twitter:title":"Un message de la part de la directrice et chef de la direction de la GAO et du conseil d\u2019administration de la GAO | La Galerie d\u2019art d\u2019Ottawa"},"aioseo_meta_data":{"post_id":"50722","title":null,"description":null,"keywords":null,"keyphrases":{"focus":{"keyphrase":"","score":0,"analysis":{"keyphraseInTitle":{"score":0,"maxScore":9,"error":1}}},"additional":[]},"primary_term":null,"canonical_url":null,"og_title":null,"og_description":null,"og_object_type":"default","og_image_type":"default","og_image_url":null,"og_image_width":null,"og_image_height":null,"og_image_custom_url":null,"og_image_custom_fields":null,"og_video":"","og_custom_url":null,"og_article_section":null,"og_article_tags":null,"twitter_use_og":false,"twitter_card":"default","twitter_image_type":"default","twitter_image_url":null,"twitter_image_custom_url":null,"twitter_image_custom_fields":null,"twitter_title":null,"twitter_description":null,"schema":{"blockGraphs":[],"customGraphs":[],"default":{"data":{"Article":[],"Course":[],"Dataset":[],"FAQPage":[],"Movie":[],"Person":[],"Product":[],"ProductReview":[],"Car":[],"Recipe":[],"Service":[],"SoftwareApplication":[],"WebPage":[]},"graphName":"WebPage","isEnabled":true},"graphs":[]},"schema_type":"default","schema_type_options":null,"pillar_content":false,"robots_default":true,"robots_noindex":false,"robots_noarchive":false,"robots_nosnippet":false,"robots_nofollow":false,"robots_noimageindex":false,"robots_noodp":false,"robots_notranslate":false,"robots_max_snippet":"-1","robots_max_videopreview":"-1","robots_max_imagepreview":"large","priority":null,"frequency":"default","location":null,"local_seo":null,"breadcrumb_settings":null,"limit_modified_date":false,"ai":{"faqs":[],"keyPoints":[],"schemas":[],"titles":[],"descriptions":[],"socialPosts":{"email":{"subject":"","preview":"","content":""},"linkedin":[],"twitter":[],"facebook":[],"instagram":[]}},"created":"2026-09-02 16:43:49","updated":"2026-09-02 19:46:09","seo_analyzer_scan_date":null},"_links":{"self":[{"href":"https:\/\/oaggao.ca\/fr\/wp-json\/wp\/v2\/oag_news_article\/50722","targetHints":{"allow":["GET"]}}],"collection":[{"href":"https:\/\/oaggao.ca\/fr\/wp-json\/wp\/v2\/oag_news_article"}],"about":[{"href":"https:\/\/oaggao.ca\/fr\/wp-json\/wp\/v2\/types\/oag_news_article"}],"wp:featuredmedia":[{"embeddable":true,"href":"https:\/\/oaggao.ca\/fr\/wp-json\/wp\/v2\/media\/50718"}],"wp:attachment":[{"href":"https:\/\/oaggao.ca\/fr\/wp-json\/wp\/v2\/media?parent=50722"}],"wp:term":[{"taxonomy":"oag_news_category","embeddable":true,"href":"https:\/\/oaggao.ca\/fr\/wp-json\/wp\/v2\/oag_news_category?post=50722"}],"curies":[{"name":"wp","href":"https:\/\/api.w.org\/{rel}","templated":true}]}}